{"id":1230,"date":"2019-03-03T15:15:12","date_gmt":"2019-03-03T15:15:12","guid":{"rendered":"http:\/\/tradeven.cluster015.ovh.net\/wordpress\/?p=1230"},"modified":"2019-12-18T11:36:39","modified_gmt":"2019-12-18T10:36:39","slug":"principle-of-subsidiarity","status":"publish","type":"post","link":"https:\/\/tradevenvironment.eu\/index.php\/2019\/03\/03\/principle-of-subsidiarity\/","title":{"rendered":"PRINCIPLE OF SUBSIDIARITY"},"content":{"rendered":"\n<h2 class=\"wp-block-heading\">Principle of Subsidiarity<\/h2>\n\n\n\n<div class=\"wp-block-file alignright\"><a href=\"http:\/\/tradeven.cluster015.ovh.net\/wordpress\/wp-content\/uploads\/2019\/03\/JEEP_009_01_DeSadeleer-1.pdf\" class=\"wp-block-file__button\" download>Download<\/a><\/div>\n\n\n\n<p>&#8220;Principle of Subsidiarity and the EU Environmental Policy&#8221;,&nbsp;<em>JEEPL<\/em>, vol. 9, n\u00b0 1 (2012) 63-70.<\/p>\n\n\n\n<figure class=\"wp-block-image size-large\"><img loading=\"lazy\" decoding=\"async\" width=\"1024\" height=\"333\" src=\"https:\/\/tradevenvironment.eu\/wp-content\/uploads\/2019\/12\/DSC_3664-copie-scaled-e1576665027839-1024x333.jpg\" alt=\"\" class=\"wp-image-2000\" srcset=\"https:\/\/tradevenvironment.eu\/wp-content\/uploads\/2019\/12\/DSC_3664-copie-scaled-e1576665027839-1024x333.jpg 1024w, https:\/\/tradevenvironment.eu\/wp-content\/uploads\/2019\/12\/DSC_3664-copie-scaled-e1576665027839-300x98.jpg 300w, https:\/\/tradevenvironment.eu\/wp-content\/uploads\/2019\/12\/DSC_3664-copie-scaled-e1576665027839-768x250.jpg 768w, https:\/\/tradevenvironment.eu\/wp-content\/uploads\/2019\/12\/DSC_3664-copie-scaled-e1576665027839-1536x499.jpg 1536w, https:\/\/tradevenvironment.eu\/wp-content\/uploads\/2019\/12\/DSC_3664-copie-scaled-e1576665027839-2048x666.jpg 2048w\" sizes=\"auto, (max-width: 1024px) 100vw, 1024px\" \/><\/figure>\n\n\n\n<h2 class=\"wp-block-heading\">Subsidiarit\u00e9<\/h2>\n\n\n\n<div class=\"wp-block-file alignright\"><a href=\"http:\/\/tradeven.cluster015.ovh.net\/wordpress\/wp-content\/uploads\/2019\/03\/ds080-05-de-Sadeleer.pdf\" class=\"wp-block-file__button\" download>Download<\/a><\/div>\n\n\n\n<p>&#8220;Particularit\u00e9s de la subsidiarit\u00e9 dans le domaine de l\u2019environnement&#8221;,&nbsp;<em>Droit et Soci\u00e9t\u00e9,<\/em>80\/2012, pp. 73-92.<\/p>\n","protected":false},"excerpt":{"rendered":"<p>Principle of Subsidiarity &#8220;Principle of Subsidiarity and the EU Environmental Policy&#8221;,&nbsp;JEEPL, vol. 9, n\u00b0 1 (2012) 63-70. Subsidiarit\u00e9 &#8220;Particularit\u00e9s de la subsidiarit\u00e9 dans le domaine de l\u2019environnement&#8221;,&nbsp;Droit et Soci\u00e9t\u00e9,80\/2012, pp. 73-92.<\/p>\n","protected":false},"author":2,"featured_media":0,"comment_status":"closed","ping_status":"open","sticky":false,"template":"","format":"standard","meta":{"_themeisle_gutenberg_block_has_review":false,"footnotes":""},"categories":[34],"tags":[49,48],"class_list":["post-1230","post","type-post","status-publish","format-standard","hentry","category-subsidiarity","tag-english","tag-francais"],"_links":{"self":[{"href":"https:\/\/tradevenvironment.eu\/index.php\/wp-json\/wp\/v2\/posts\/1230","targetHints":{"allow":["GET"]}}],"collection":[{"href":"https:\/\/tradevenvironment.eu\/index.php\/wp-json\/wp\/v2\/posts"}],"about":[{"href":"https:\/\/tradevenvironment.eu\/index.php\/wp-json\/wp\/v2\/types\/post"}],"author":[{"embeddable":true,"href":"https:\/\/tradevenvironment.eu\/index.php\/wp-json\/wp\/v2\/users\/2"}],"replies":[{"embeddable":true,"href":"https:\/\/tradevenvironment.eu\/index.php\/wp-json\/wp\/v2\/comments?post=1230"}],"version-history":[{"count":5,"href":"https:\/\/tradevenvironment.eu\/index.php\/wp-json\/wp\/v2\/posts\/1230\/revisions"}],"predecessor-version":[{"id":2004,"href":"https:\/\/tradevenvironment.eu\/index.php\/wp-json\/wp\/v2\/posts\/1230\/revisions\/2004"}],"wp:attachment":[{"href":"https:\/\/tradevenvironment.eu\/index.php\/wp-json\/wp\/v2\/media?parent=1230"}],"wp:term":[{"taxonomy":"category","embeddable":true,"href":"https:\/\/tradevenvironment.eu\/index.php\/wp-json\/wp\/v2\/categories?post=1230"},{"taxonomy":"post_tag","embeddable":true,"href":"https:\/\/tradevenvironment.eu\/index.php\/wp-json\/wp\/v2\/tags?post=1230"}],"curies":[{"name":"wp","href":"https:\/\/api.w.org\/{rel}","templated":true}]}}