{"id":3178,"date":"1993-03-26T16:49:00","date_gmt":"1993-03-26T15:49:00","guid":{"rendered":"https:\/\/tradevenvironment.eu\/?p=3178"},"modified":"2024-03-26T16:51:29","modified_gmt":"2024-03-26T15:51:29","slug":"la-conservation-de-la-nature-au-dela-des-especes-et-des-espaces","status":"publish","type":"post","link":"https:\/\/tradevenvironment.eu\/index.php\/1993\/03\/26\/la-conservation-de-la-nature-au-dela-des-especes-et-des-espaces\/","title":{"rendered":"La conservation de la nature au-del\u00e0 des esp\u00e8ces et des espaces"},"content":{"rendered":"\n<p>&#8220;La conservation de la nature au-del\u00e0 des esp\u00e8ces et des espaces : l&#8217;\u00e9mergence des concepts \u00e9cologiques en droit international&#8221; in Ph. G\u00e9rard &amp; M. van de Kerchove (dir.),\u00a0<em>Images et usages de la nature en droit<\/em>, Bruxelles, Publications Universitaires de Saint-Louis, 1993, pp. 165-206.<\/p>\n\n\n\n<div data-wp-interactive=\"core\/file\" class=\"wp-block-file\"><object data-wp-bind--hidden=\"!state.hasPdfPreview\" hidden class=\"wp-block-file__embed\" data=\"https:\/\/tradevenvironment.eu\/wp-content\/uploads\/2024\/03\/La_conservation_de_la_nature.pdf\" type=\"application\/pdf\" style=\"width:100%;height:600px\" aria-label=\"Embed of La_conservation_de_la_nature.\"><\/object><a id=\"wp-block-file--media-a114cb59-8edf-4b16-bb44-b967226542e7\" href=\"https:\/\/tradevenvironment.eu\/wp-content\/uploads\/2024\/03\/La_conservation_de_la_nature.pdf\">La_conservation_de_la_nature<\/a><a href=\"https:\/\/tradevenvironment.eu\/wp-content\/uploads\/2024\/03\/La_conservation_de_la_nature.pdf\" class=\"wp-block-file__button wp-element-button\" download aria-describedby=\"wp-block-file--media-a114cb59-8edf-4b16-bb44-b967226542e7\">Download<\/a><\/div>\n","protected":false},"excerpt":{"rendered":"<p>&#8220;La conservation de la nature au-del\u00e0 des esp\u00e8ces et des espaces : l&#8217;\u00e9mergence des concepts \u00e9cologiques en droit international&#8221; in Ph. G\u00e9rard &amp; M. van de Kerchove (dir.),\u00a0Images et usages de la nature en droit, Bruxelles, Publications Universitaires de Saint-Louis, 1993, pp. 165-206.<\/p>\n","protected":false},"author":1,"featured_media":3179,"comment_status":"closed","ping_status":"open","sticky":false,"template":"","format":"standard","meta":{"_themeisle_gutenberg_block_has_review":false,"footnotes":""},"categories":[30],"tags":[],"class_list":["post-3178","post","type-post","status-publish","format-standard","has-post-thumbnail","hentry","category-biodiversity-nature-protection"],"_links":{"self":[{"href":"https:\/\/tradevenvironment.eu\/index.php\/wp-json\/wp\/v2\/posts\/3178","targetHints":{"allow":["GET"]}}],"collection":[{"href":"https:\/\/tradevenvironment.eu\/index.php\/wp-json\/wp\/v2\/posts"}],"about":[{"href":"https:\/\/tradevenvironment.eu\/index.php\/wp-json\/wp\/v2\/types\/post"}],"author":[{"embeddable":true,"href":"https:\/\/tradevenvironment.eu\/index.php\/wp-json\/wp\/v2\/users\/1"}],"replies":[{"embeddable":true,"href":"https:\/\/tradevenvironment.eu\/index.php\/wp-json\/wp\/v2\/comments?post=3178"}],"version-history":[{"count":1,"href":"https:\/\/tradevenvironment.eu\/index.php\/wp-json\/wp\/v2\/posts\/3178\/revisions"}],"predecessor-version":[{"id":3181,"href":"https:\/\/tradevenvironment.eu\/index.php\/wp-json\/wp\/v2\/posts\/3178\/revisions\/3181"}],"wp:featuredmedia":[{"embeddable":true,"href":"https:\/\/tradevenvironment.eu\/index.php\/wp-json\/wp\/v2\/media\/3179"}],"wp:attachment":[{"href":"https:\/\/tradevenvironment.eu\/index.php\/wp-json\/wp\/v2\/media?parent=3178"}],"wp:term":[{"taxonomy":"category","embeddable":true,"href":"https:\/\/tradevenvironment.eu\/index.php\/wp-json\/wp\/v2\/categories?post=3178"},{"taxonomy":"post_tag","embeddable":true,"href":"https:\/\/tradevenvironment.eu\/index.php\/wp-json\/wp\/v2\/tags?post=3178"}],"curies":[{"name":"wp","href":"https:\/\/api.w.org\/{rel}","templated":true}]}}